{"id":2321,"date":"2023-12-01T21:41:00","date_gmt":"2023-12-01T20:41:00","guid":{"rendered":"http:\/\/wp.feuerwehr-gondelsheim.de\/?p=2321"},"modified":"2024-01-07T10:07:50","modified_gmt":"2024-01-07T09:07:50","slug":"bericht-verleihung-der-medaille-fuer-internationale-zusammenarbeit-in-gold-des-deutschen-feuerwehrverbandes-fuer-capitaine-thierry-quartier","status":"publish","type":"post","link":"http:\/\/wp.feuerwehr-gondelsheim.de\/?p=2321","title":{"rendered":"Bericht &#8211; Verleihung der Medaille f\u00fcr internationale Zusammenarbeit in Gold des deutschen Feuerwehrverbandes f\u00fcr Capitaine Thierry Quartier"},"content":{"rendered":"\n<p>Am Wochenende vom 6.\u2013 8. Oktober 2023 reiste eine Delegation der Feuerwehr Gondelsheim zu ihrer Partnerfeuerwehr im \u00fcber 700km entfernten Drou\u00e9 in Frankreich.<\/p>\n\n\n\n<p>Auf dieser Reise wollte uns aus gegebenem Anlass auch unser Vorsitzender des Kreisfeuerwehrverbandes LK Karlsruhe Eckhard Helms begleiten, leider und sehr zum Bedauern seinerseits musste Hr. Helms diese Reise krankheitsbedingt kurzfristig absagen.<\/p>\n\n\n\n<p>Ein besonderer Anlass f\u00fcr diesen ersten Besuch nach der Pandemie war die Verabschiedung ihres Kommandanten Capitaine Thierry Quartier und 3 weiteren verdienten Kameraden in den wohlverdienten Feuerwehrruhestand.<\/p>\n\n\n\n<p>Nach einem sehr herzlichen Empfang am Freitag mit gem\u00fctlichem Beisammensein stand am&nbsp; Samstagvormittag die Besichtigung eines Eisenbahnmuseum sowie die Besichtigung einer Destillerie mit Verkostung auf dem Programm.<br>Zum Abschuss des Rahmenprogrammes fand am sp\u00e4ten Nachmittag auf dem Grundst\u00fcck von Thierry Quartier ein gemeinsames Grillen statt.<\/p>\n\n\n\n<p>Der H\u00f6hepunkt an diesem Samstag war die abendliche offizielle Verabschiedung der franz\u00f6sischen Kameraden in den Ruhestand.<br>Unter den zahlreich anwesenden sowie geladenen G\u00e4sten und Freunden er\u00f6ffnete der Pr\u00e4sident des Feuerwehrausschusses Drou\u00e9 und langj\u00e4hriger stellvertretende Kommandant Hr. Christophe Daviray den offiziellen Teil.&nbsp; Lobende Worte f\u00fcr die ausscheidenden Kameraden Thierry Quartier, Jean-Michel Herisson, Michel Pelletier und Pascal Sierre und eine Pr\u00e4sent, das die Kameraden immer an ihre Zeit in der Feuerwehr Drou\u00e9 erinnern wird.<\/p>\n\n\n\n<figure class=\"wp-block-image size-large\"><img loading=\"lazy\" decoding=\"async\" width=\"1024\" height=\"808\" src=\"http:\/\/wp.feuerwehr-gondelsheim.de\/wp-content\/uploads\/2024\/01\/DSC4954-1024x808.jpg\" alt=\"\" class=\"wp-image-2322\" srcset=\"http:\/\/wp.feuerwehr-gondelsheim.de\/wp-content\/uploads\/2024\/01\/DSC4954-1024x808.jpg 1024w, http:\/\/wp.feuerwehr-gondelsheim.de\/wp-content\/uploads\/2024\/01\/DSC4954-300x237.jpg 300w, http:\/\/wp.feuerwehr-gondelsheim.de\/wp-content\/uploads\/2024\/01\/DSC4954-768x606.jpg 768w, http:\/\/wp.feuerwehr-gondelsheim.de\/wp-content\/uploads\/2024\/01\/DSC4954.jpg 1500w\" sizes=\"auto, (max-width: 1024px) 100vw, 1024px\" \/><\/figure>\n\n\n\n<p>F\u00fcr die Feuerwehr Gondelsheim durfte Ehrenkommandant Wolfgang Heck f\u00fcr seinen langj\u00e4hriger Wegbegleiter Capt. Thierry Quartier und Garant dieser au\u00dfergew\u00f6hnlichen Freundschaft die Laudatio f\u00fcr seine Wehr abhalten. Heck dankte seinem Freund unter anderem f\u00fcr die 15-j\u00e4hrige Zusammenarbeit ihrer gemeinsamen Kommandantent\u00e4tigkeit und w\u00fcnschte deren Nachfolger f\u00fcr die Zukunft der Partnerschaft eine gl\u00fcckliche Hand bei der Weiterf\u00fchrung dieser internationalen Freundschaft.<\/p>\n\n\n\n<p>Die \u00dcbergabe der Pr\u00e4sente an die Scheidenden erfolgte durch den Kommandanten Timm Eisenhut und die Kameraden der Gondelsheimer Wehr.<\/p>\n\n\n\n<figure class=\"wp-block-image size-large\"><img loading=\"lazy\" decoding=\"async\" width=\"1024\" height=\"609\" src=\"http:\/\/wp.feuerwehr-gondelsheim.de\/wp-content\/uploads\/2024\/01\/DSC4984-1024x609.jpg\" alt=\"\" class=\"wp-image-2323\" srcset=\"http:\/\/wp.feuerwehr-gondelsheim.de\/wp-content\/uploads\/2024\/01\/DSC4984-1024x609.jpg 1024w, http:\/\/wp.feuerwehr-gondelsheim.de\/wp-content\/uploads\/2024\/01\/DSC4984-300x178.jpg 300w, http:\/\/wp.feuerwehr-gondelsheim.de\/wp-content\/uploads\/2024\/01\/DSC4984-768x457.jpg 768w, http:\/\/wp.feuerwehr-gondelsheim.de\/wp-content\/uploads\/2024\/01\/DSC4984.jpg 1500w\" sizes=\"auto, (max-width: 1024px) 100vw, 1024px\" \/><\/figure>\n\n\n\n<p>H\u00f6hepunkt dieser Verabschiedung war die Verleihung der Medaille f\u00fcr Internationale Zusammenarbeit in Gold des Deutschen Feuerwehrverbandes an Capitaine Thierry Quartier.<\/p>\n\n\n\n<p>Von der Gondelsheimer Wehr wurde diese Medaille aufgrund der \u00fcber 40 Jahre aktiv wirkenden Freundschaftspflege w\u00e4hrend der gesamten Dienstzeit von Thierry beim KFV Landkreis Karlsruhe beantragt und bef\u00fcrwortet.<\/p>\n\n\n\n<p>Da der KFV Vorsitzende Eckhard Helms wie bereits erw\u00e4hnt wegen eines Grippevirus kurzfristig die Reise und \u00dcbergabe der Medaille leider nicht selbst durchf\u00fchren konnte wurde diese Ehrenvolle Aufgabe an den Ehrenkommandanten Heck \u00fcbertragen, die er sehr gerne \u00fcbernahm.<\/p>\n\n\n\n<p>Wolfgang Heck verlas die Gru\u00dfworte des Landkreises Karlsruhe, in der auch der Werdegang und das Engagement von Thierry Quartier in der Feuerwehr und der Freundschaftspflege gew\u00fcrdigt wurde. F\u00fcr diesen beispiellosen Einsatz auch im internationalen Feuerwehrwesen hat sich Thierry Quartier diese h\u00f6chste Auszeichnung mehr als verdient.<\/p>\n\n\n\n<p>Unter gro\u00dfen Beifall aller anwesenden G\u00e4sten und Feuerwehrangeh\u00f6rigen steckte Ehrenkommandant Wolfgang Heck dem v\u00f6llig \u00fcberraschten scheidenden Thierry Quartier die Medaille an die Brust.&nbsp; Ein Moment gro\u00dfer Emotionen und jedem standen ein paar Tr\u00e4nen in den Augen.<\/p>\n\n\n\n<figure class=\"wp-block-image size-large\"><img loading=\"lazy\" decoding=\"async\" width=\"889\" height=\"1024\" src=\"http:\/\/wp.feuerwehr-gondelsheim.de\/wp-content\/uploads\/2024\/01\/DSC5121-889x1024.jpg\" alt=\"\" class=\"wp-image-2324\" srcset=\"http:\/\/wp.feuerwehr-gondelsheim.de\/wp-content\/uploads\/2024\/01\/DSC5121-889x1024.jpg 889w, http:\/\/wp.feuerwehr-gondelsheim.de\/wp-content\/uploads\/2024\/01\/DSC5121-260x300.jpg 260w, http:\/\/wp.feuerwehr-gondelsheim.de\/wp-content\/uploads\/2024\/01\/DSC5121-768x885.jpg 768w, http:\/\/wp.feuerwehr-gondelsheim.de\/wp-content\/uploads\/2024\/01\/DSC5121.jpg 1302w\" sizes=\"auto, (max-width: 889px) 100vw, 889px\" \/><\/figure>\n\n\n\n<p>Mit einem Bankett und Tanz im Festsaal bis in die fr\u00fchen Morgenstunden klang dieses w\u00fcrdevolle Ereignis aus, bevor die Wehr aus Gondelsheim am Sonntagvormittag die Heimreise antrat.<\/p>\n\n\n\n<p>Unser Dank geht auch an die Kameradinnen Heidrun Kirchge\u00dfner und Angela Werner der Freiwilligen Feuerwehr Gondelsheim, die die Reden \u00fcbersetzt und als Dolmetscher fungiert haben.<\/p>\n\n\n\n<p>Wieder einmal hat sich gezeigt wie wichtig doch diese Freundschaftspflege weit \u00fcber die Landesgrenzen hinaus ist und weiterhin gepflegt werden muss.<\/p>\n\n\n\n<p><sup><em>Bericht: Wolfgang Heck<\/em><\/sup><\/p>\n","protected":false},"excerpt":{"rendered":"<p>Am Wochenende vom 6.\u2013 8. Oktober 2023 reiste eine Delegation der Feuerwehr Gondelsheim zu ihrer Partnerfeuerwehr im \u00fcber 700km entfernten Drou\u00e9 in Frankreich. Auf dieser Reise wollte uns aus gegebenem Anlass auch unser &hellip; <\/p>\n","protected":false},"author":1,"featured_media":2324,"comment_status":"closed","ping_status":"closed","sticky":false,"template":"","format":"standard","meta":{"footnotes":""},"categories":[9],"tags":[],"class_list":["post-2321","post","type-post","status-publish","format-standard","has-post-thumbnail","hentry","category-berichte"],"_links":{"self":[{"href":"http:\/\/wp.feuerwehr-gondelsheim.de\/index.php?rest_route=\/wp\/v2\/posts\/2321","targetHints":{"allow":["GET"]}}],"collection":[{"href":"http:\/\/wp.feuerwehr-gondelsheim.de\/index.php?rest_route=\/wp\/v2\/posts"}],"about":[{"href":"http:\/\/wp.feuerwehr-gondelsheim.de\/index.php?rest_route=\/wp\/v2\/types\/post"}],"author":[{"embeddable":true,"href":"http:\/\/wp.feuerwehr-gondelsheim.de\/index.php?rest_route=\/wp\/v2\/users\/1"}],"replies":[{"embeddable":true,"href":"http:\/\/wp.feuerwehr-gondelsheim.de\/index.php?rest_route=%2Fwp%2Fv2%2Fcomments&post=2321"}],"version-history":[{"count":3,"href":"http:\/\/wp.feuerwehr-gondelsheim.de\/index.php?rest_route=\/wp\/v2\/posts\/2321\/revisions"}],"predecessor-version":[{"id":2331,"href":"http:\/\/wp.feuerwehr-gondelsheim.de\/index.php?rest_route=\/wp\/v2\/posts\/2321\/revisions\/2331"}],"wp:featuredmedia":[{"embeddable":true,"href":"http:\/\/wp.feuerwehr-gondelsheim.de\/index.php?rest_route=\/wp\/v2\/media\/2324"}],"wp:attachment":[{"href":"http:\/\/wp.feuerwehr-gondelsheim.de\/index.php?rest_route=%2Fwp%2Fv2%2Fmedia&parent=2321"}],"wp:term":[{"taxonomy":"category","embeddable":true,"href":"http:\/\/wp.feuerwehr-gondelsheim.de\/index.php?rest_route=%2Fwp%2Fv2%2Fcategories&post=2321"},{"taxonomy":"post_tag","embeddable":true,"href":"http:\/\/wp.feuerwehr-gondelsheim.de\/index.php?rest_route=%2Fwp%2Fv2%2Ftags&post=2321"}],"curies":[{"name":"wp","href":"https:\/\/api.w.org\/{rel}","templated":true}]}}