{"id":2370,"date":"2024-03-27T21:25:40","date_gmt":"2024-03-27T20:25:40","guid":{"rendered":"http:\/\/wp.feuerwehr-gondelsheim.de\/?p=2370"},"modified":"2024-03-27T22:02:31","modified_gmt":"2024-03-27T21:02:31","slug":"einladung-zur-96-jahreshauptversammlung-2-2-2-2-2-2-2","status":"publish","type":"post","link":"http:\/\/wp.feuerwehr-gondelsheim.de\/?p=2370","title":{"rendered":"Bericht zur 103. Jahreshauptversammlung"},"content":{"rendered":"\n<p>Die <strong>103. Jahreshauptversammlung<\/strong> der Freiwilligen Feuerwehr Gondelsheim fand am <strong>Samstag, den 23. M\u00e4rz 2024<\/strong>, im <strong>Feuerwehrhaus<\/strong> statt. <\/p>\n\n\n\n<p>Kommandant Timm Eisenhut er\u00f6ffnete die 103. Jahreshauptversammlung im Feuerwehrhaus um 19:33 Uhr und begr\u00fc\u00dfte B\u00fcrgermeister Markus Rupp, die Vorst\u00e4nde und Vertreter der Gondelsheimer Vereine und Organisationen, die anwesenden Gemeinder\u00e4te, die Anwesenden des DRK, die Kameraden der Alters- und Reservemannschaft (die in den letzten beiden Jahren leider stark geschrumpft ist), die Kameraden der Aktiven Mannschaft, sowie den Nachwuchs aus den Reihen der Jugendfeuerwehr. Des Weiteren richtete sich sein Gru\u00df an den angereisten stellvertretenden Kreisbrandmeister und Kommandant der Stadt Bruchsal Bernd Molitor.<br>Eisenhut stellte fest, dass zur Jahreshauptversammlung satzungsgem\u00e4\u00df mit Ver\u00f6ffentlichung der Tagesordnungspunkte im Gemeindeblatt eingeladen wurde. W\u00fcnsche und Antr\u00e4ge waren wie in den vergangenen Jahren keine eingegangen.<\/p>\n\n\n\n<p>Es folgte der TOP2, die Totenehrung. Seit der letzten Jahreshauptversammlung mussten wir uns von drei unserer Alterskameraden verabschieden und gedachten diesen im Stillen:<\/p>\n\n\n\n<ul class=\"wp-block-list\">\n<li>Klaus Sch\u00e4fer, der am 19.05.2023 im Alter von 83 Jahren verstarb<\/li>\n\n\n\n<li>Bernhard Lotsch, der am 19.07.2023 im Alter von 85 Jahren verstarb<\/li>\n\n\n\n<li>Walter Stemmler, der am 11.12.2023 im Alter von 81 Jahren verstarb<\/li>\n<\/ul>\n\n\n\n<p>Schriftf\u00fchrer Marco Horn ging in seinem fast halbst\u00fcndigen Bericht auf die zahlreichen Ereignisse und Aktivit\u00e4ten der Feuerwehr Gondelsheim seit der letzten Jahreshauptversammlung ein und erl\u00e4uterte am Ende die Einsatzstatistik f\u00fcr das Jahr 2023.<\/p>\n\n\n\n<p>Kassier Max Neimayer stellte in seinem Bericht den aktuellen Kassenstand vor. Den Bericht der Kassenpr\u00fcfer \u00fcbernahm Andreas Vogel. Er f\u00fchrte die Kassenpr\u00fcfung gemeinsam mit Dennis Kritzer durch und bescheinigte eine ordentlich gef\u00fchrte Buchf\u00fchrung. Es gab keinen Grund f\u00fcr Beanstandungen.<\/p>\n\n\n\n<p>Florian Braun sprach in seinem ersten Bericht \u00fcber das vergangene Jahr der Jugendfeuerwehr. Die Jugendlichen trafen sich zu insgesamt 38 \u00dcbungsabenden, in denen feuerwehrtechnische Inhalte, sowie allgemeine Themen der Jugendarbeit vermittelt wurden. Weiter erw\u00e4hnte er die verschiedenen durchgef\u00fchrten T\u00e4tigkeiten, wie die Teilnahme an der Ortsputzete, die \u00dcbernahme der Verpflegung beim ersten Waldtag der J\u00e4ger auf dem Grillplatz oder die Mitwirkung mit S\u00fc\u00dfigkeiten-Stand beim Gondelsheimer Weihnachtsmarkt. Highlights waren die &#8222;Hier w\u00e4chst Zukunft&#8220;-Pflanzaktion gemeinsam mit Fa. Mohr Gartenbau (die Jugend k\u00fcmmert sich seither um das Gie\u00dfen und die Pflege), sowie der Besuch der Feuerwache in Bruchsal. Braun erw\u00e4hnte zum Schluss seinen erfolgreich abgeschlossenen Jugendleiterlehrgang und bedankte sich beim Kommando, den Aktiven und der Gemeindeverwaltung f\u00fcr die Unterst\u00fctzung.<\/p>\n\n\n\n<p>Den Bericht der Gruppenf\u00fchrer \u00fcbernahm in diesem Jahr Tino Huber. Er berichtete von stets gut besuchten \u00dcbungsabenden. Highlights waren u.a. die Hei\u00df\u00fcbung im gasbetriebenen Brandcontainer in Linkenheim-Hochstetten, sowie die gro\u00dfe \u00dcbung am Eschgraben, die gemeinsam mit den Jugendlichen durchgef\u00fchrt wurde.<br>Diverse Aus- und Fortbildungen wurden durchlaufen. In n\u00e4chster Zeit werden drei Jugendliche den Weg in die Aktive Mannschaft gehen, sowie bei den Aktiven weitere Lehrg\u00e4nge zum Maschinisten oder Atemsch\u00fctzer absolviert. Au\u00dferdem durften wir nach dem Einsatz am Oktoberfest einen Neuzugang bei uns begr\u00fc\u00dfen. Zum Schluss seines Berichts dankte Huber f\u00fcr das Vertrauen und die gute Zusammenarbeit.<\/p>\n\n\n\n<p>In TOP8, Bericht des Kommandanten, ging Kommandant Timm Eisenhut zun\u00e4chst auf einige Themen ein, die bereits in der letzten Jahreshauptversammlung angesprochen wurden, aber leider noch nicht abgeschlossen werden konnten: Thema &#8222;Notstromaggregat&#8220; f\u00fcr das Feuerwehrhaus. Es sollte im ersten Quartal 2023 in Betrieb genommen werden, momentan steht April 2024 im Raum. Weitere anstehende Ver\u00e4nderungen am Feuerwehrhaus sind die Installation einer Photovoltaik-Anlage auf dem Dach.<br>Eisenhut sprach nochmals den \u00dcbergang der Jugendlichen in die Aktive Mannschaft an. Er freue sich auf die baldigen &#8222;Neuen&#8220; bei den Aktiven und hoffe, dass sie sich auch dort gut einbringen werden.<br>Auch beim Thema Wald- und Vegetationsbrand hat sich einiges getan. Im Mai gab es auf Unterkreisebene ein vom Landkreis organisiertes Seminar zum Thema Vegetationsbrand, an dem die Kommandanten teilnahmen. Dort konnte der Fachberater f\u00fcr Wald- und Vegetationsbrand Sebastian Waidmann gewonnen werden. In Abstimmung wurden bereits einige Beschaffungen wie D-Schlauchmaterial und mobile L\u00f6schwasserbeh\u00e4lter get\u00e4tigt. Auch eine individuelle theoretische Schulung f\u00fcr die Wehr, inkl. F\u00f6rster, Bauhof und Gemeindeverwaltung wurde von Fachberater Waidmann durchgef\u00fchrt. Eine Praxis\u00fcbung wird im Sommer folgen.<br>Weiteres Thema waren Infos zum aktuellen Stand der Ersatzbeschaffung unseres LF8 aus dem Jahre 1987. Der F\u00f6rderantrag wurde bereits beim Landratsamt eingereicht, mehrere MLF&#8217;s verschiedener Hersteller wurden mittlerweile besichtigt. Da der F\u00f6rderbetrag im n\u00e4chsten Jahr aufgrund geplanten Sammelbeschaffungen wohl erheblich angehoben werden soll, gibt es aktuell \u00dcberlegungen die Ersatzbeschaffung nochmals um ein Jahr zu schieben.<br>Recht neue Bereiche f\u00fcr die Gondelsheimer Wehr seien die Themen \u00dcberlandhilfe \/ Interkommunale Zusammenarbeit (wir wurden 2023 zu zwei Gro\u00dfeins\u00e4tzen in Bretten &amp; Flehingen eingesetzt), sowie vor allem der neu eingerichtete Brandschutzzug Ost des Landkreises Karlsruhe, den wir zusammen mit den Wehren aus Oberderdingen und Bretten bilden. Dieser soll bei Gro\u00dfschadenslagen in der 2. oder 3. Welle eingesetzt werden. Wir sind hier mit unserem MTW haupts\u00e4chlich f\u00fcr die Zurverf\u00fcgungstellung von weiteren Atemschutzger\u00e4tetr\u00e4gern beauftragt. Auch bei der F\u00fchrungsgruppe Bretten sind wir nach einer Auszeit wieder mit dabei.<br>Neu f\u00fcr den Landkreis ist das alte Thema Digitalfunk. Nachdem dieser im Sommer 2006 in Betrieb gehen sollte, ist es 2024 nun tats\u00e4chlich so weit. Momentan fahren wir noch im Mischbetrieb, ab April 2024 werden wir dann ausschlie\u00dflich den Digitalfunk f\u00fcr die 4m-Kommunikation nutzen.<br>Zum Schluss seines Berichts bedankte sich Eisenhut bei der F\u00fchrungsgruppe, die nicht nur bei Eins\u00e4tzen gefordert sind, sondern auch die Richtung und die Geschicke der Wehr mitbestimmen. Der gr\u00f6\u00dfte Dank ging an die Aktive Mannschaft, welche das ganze Jahr \u00fcber freiwillig und unentgeltlich ihren Feuerwehrdienst leistet und da ist, wenn sie gebraucht wird. Unter Beifall schloss Eisenhut seinen Bericht.<\/p>\n\n\n\n<p>Zu TOP9, Aussprache zu den Jahresberichten, gab es keine Wortmeldungen.<\/p>\n\n\n\n<p>Die Entlastung des Kommandanten wurde von B\u00fcrgermeister Markus Rupp durchgef\u00fchrt. Die Feuerwehr bringe sich bei ihren Eins\u00e4tzen f\u00fcr ihren Ort ein, egal ob bei Tag oder Nacht, teilweise auch der Gefahr des eigenen Lebens ausgesetzt. Ebenso sind die Einsatzkr\u00e4fte, z.B. bei den schweren Verkehrsunf\u00e4llen, psychischen und emotionalen Belastungen ausgesetzt. F\u00fcr diesen Einsatz sprach Rupp ein herzliches Dankesch\u00f6n, auch im Namen des Gemeinderats, aus. Die Feuerwehr ist fester Bestandteil des Ortes. So ist es auch kein Wunder, dass das Schwenksteakfest ein Besuchermagnet ist, denn beim Festbesuch spiele auch sicherlich die Bekundung des Respekts gegen\u00fcber der Feuerwehr eine Rolle.<br>Die Gemeinde tue mit den Hochwasserschutzma\u00dfnahmen etwas daf\u00fcr, zumindest die Anzahl von Unwettereins\u00e4tzen einzud\u00e4mmen, leider gibt es keinen 100%igen Schutz davor.<br>Auch Rupp sprach den \u00c4rger \u00fcber die langwierige Beschaffung des Notstromaggregats an. Die Gemeinde f\u00fchrte schon unz\u00e4hlige Gespr\u00e4che mit der Herstellerfirma in Italien, leider werde man von einem Termin auf den anderen vertr\u00f6stet.<br>Weitere Themen wie die neue Photovoltaik-Anlage und sein positiver Eindruck der k\u00fcrzlichen Vegetationsbrandausbildung wurden vom B\u00fcrgermeister angesprochen. Auch die Ersatzbeschaffung des LF8 war Teil seiner Ausf\u00fchrungen. Hier mache das Warten auf die im n\u00e4chsten Jahr voraussichtlich optimaleren F\u00f6rderkriterien auch aus seiner Sicht Sinn.<br>Als letzten Punkt sprach Rupp noch die Partnerschaft, bzw. die Freundschaft zwischen den Feuerwehren Drou\u00e9 &amp; Gondelsheim an, die allen anderen Vereinen voran die Partnerschaft am Leben h\u00e4lt.<br>Rupp richtete ein gro\u00dfes Dankesch\u00f6n an das Kommando und schlug die Entlastung des Kommandanten mit \u00dcberzeugung vor, die einstimmig beschlossen wurde.<\/p>\n\n\n\n<p>Unter TOP11, Verpflichtungen &amp; Bef\u00f6rderungen, wurden Kai Widenmeyer und Tizian Eisenhut zum Feuerwehrmann bef\u00f6rdert. Andreas Vogel wurde zum Hauptfeuerwehrmann bef\u00f6rdert.<br>Weiterer Punkt des TOP 11 war die \u00dcbergabe eines Dankes-Pr\u00e4sents an den &#8222;Freund und G\u00f6nner&#8220; der Jugendfeuerwehr, Fa. Markus Mohr Gartenbau. Die Jugendfeuerwehr bedankte sich hiermit f\u00fcr die vielz\u00e4hligen Sponsoring-T\u00e4tigkeiten. Markus Mohr \u00fcbernahm darauf kurz das Wort und bedankte sich recht herzlich. Mit gro\u00dfer Freude hatte er das Pr\u00e4sent entgegengenommen. Egal welche Ideen man hat, auf die Jugendfeuerwehr sei Verlass.<\/p>\n\n\n\n<p>Der stellvertretende Kreisbrandmeister Bernd Molitor \u00fcbernahm das Wort, bedankte sich f\u00fcr Einladung und richtete Gr\u00fc\u00dfe des Kreisbrandmeisters J\u00fcrgen Bordt aus. Molitor ging zun\u00e4chst auf das Thema Digitalfunk ein. Endlich sei es nach langer Zeit so weit und der Digitalfunk geht live. Es gibt wohl schon erste Bestrebungen auch den Einsatzstellen-Funk (2m) auf Digital umzustellen.<br>Bez\u00fcglich Bezuschussung (Z-Feu) werden sich aktuell grundlegend neue Gedanken gemacht. Da die Einsatzfahrzeuge immer teurer werden, sollen zuk\u00fcnftig Rahmenvertr\u00e4ge mit den Herstellern abgeschlossen werden &gt;&gt; &#8222;Massen- statt Einzelbeschaffung&#8220;. Dadurch k\u00f6nnen die F\u00f6rderungen erh\u00f6ht werden. Daher sehe auch Molitor die Entscheidung, die Ersatzbeschaffung des LF8 nochmals zu schieben, als sinnvoll.<\/p>\n\n\n\n<p>Kommandant Timm Eisenhut ging zum Abschluss noch auf kommende Termine ein, bevor er dann um 20:59 Uhr die 103. Jahreshauptversammlung schloss und zum gem\u00fctlichen Teil \u00fcbergegangen werden konnte. Versorgt wurden die G\u00e4ste mit hei\u00dfen W\u00fcrsten und kalten Getr\u00e4nken.<\/p>\n\n\n\n<figure class=\"wp-block-gallery has-nested-images columns-2 is-cropped wp-block-gallery-1 is-layout-flex wp-block-gallery-is-layout-flex\">\n<figure class=\"wp-block-image size-large\"><img loading=\"lazy\" decoding=\"async\" width=\"1024\" height=\"768\" data-id=\"2373\" src=\"http:\/\/wp.feuerwehr-gondelsheim.de\/wp-content\/uploads\/2024\/03\/20240323_205203420_iOS-1024x768.jpg\" alt=\"\" class=\"wp-image-2373\" srcset=\"http:\/\/wp.feuerwehr-gondelsheim.de\/wp-content\/uploads\/2024\/03\/20240323_205203420_iOS-1024x768.jpg 1024w, http:\/\/wp.feuerwehr-gondelsheim.de\/wp-content\/uploads\/2024\/03\/20240323_205203420_iOS-300x225.jpg 300w, http:\/\/wp.feuerwehr-gondelsheim.de\/wp-content\/uploads\/2024\/03\/20240323_205203420_iOS-768x576.jpg 768w, http:\/\/wp.feuerwehr-gondelsheim.de\/wp-content\/uploads\/2024\/03\/20240323_205203420_iOS-1536x1152.jpg 1536w, http:\/\/wp.feuerwehr-gondelsheim.de\/wp-content\/uploads\/2024\/03\/20240323_205203420_iOS-2048x1536.jpg 2048w\" sizes=\"auto, (max-width: 1024px) 100vw, 1024px\" \/><\/figure>\n<\/figure>\n\n\n\n<p><\/p>\n\n\n\n<p><em>Schriftf\u00fchrer<br>Marco Horn<\/em><\/p>\n\n\n\n<p><\/p>\n","protected":false},"excerpt":{"rendered":"<p>Die 103. Jahreshauptversammlung der Freiwilligen Feuerwehr Gondelsheim fand am Samstag, den 23. M\u00e4rz 2024, im Feuerwehrhaus statt. Kommandant Timm Eisenhut er\u00f6ffnete die 103. Jahreshauptversammlung im Feuerwehrhaus um 19:33 Uhr und begr\u00fc\u00dfte B\u00fcrgermeister Markus &hellip; <\/p>\n","protected":false},"author":1,"featured_media":2372,"comment_status":"closed","ping_status":"closed","sticky":false,"template":"","format":"standard","meta":{"footnotes":""},"categories":[9],"tags":[],"class_list":["post-2370","post","type-post","status-publish","format-standard","has-post-thumbnail","hentry","category-berichte"],"_links":{"self":[{"href":"http:\/\/wp.feuerwehr-gondelsheim.de\/index.php?rest_route=\/wp\/v2\/posts\/2370","targetHints":{"allow":["GET"]}}],"collection":[{"href":"http:\/\/wp.feuerwehr-gondelsheim.de\/index.php?rest_route=\/wp\/v2\/posts"}],"about":[{"href":"http:\/\/wp.feuerwehr-gondelsheim.de\/index.php?rest_route=\/wp\/v2\/types\/post"}],"author":[{"embeddable":true,"href":"http:\/\/wp.feuerwehr-gondelsheim.de\/index.php?rest_route=\/wp\/v2\/users\/1"}],"replies":[{"embeddable":true,"href":"http:\/\/wp.feuerwehr-gondelsheim.de\/index.php?rest_route=%2Fwp%2Fv2%2Fcomments&post=2370"}],"version-history":[{"count":3,"href":"http:\/\/wp.feuerwehr-gondelsheim.de\/index.php?rest_route=\/wp\/v2\/posts\/2370\/revisions"}],"predecessor-version":[{"id":2377,"href":"http:\/\/wp.feuerwehr-gondelsheim.de\/index.php?rest_route=\/wp\/v2\/posts\/2370\/revisions\/2377"}],"wp:featuredmedia":[{"embeddable":true,"href":"http:\/\/wp.feuerwehr-gondelsheim.de\/index.php?rest_route=\/wp\/v2\/media\/2372"}],"wp:attachment":[{"href":"http:\/\/wp.feuerwehr-gondelsheim.de\/index.php?rest_route=%2Fwp%2Fv2%2Fmedia&parent=2370"}],"wp:term":[{"taxonomy":"category","embeddable":true,"href":"http:\/\/wp.feuerwehr-gondelsheim.de\/index.php?rest_route=%2Fwp%2Fv2%2Fcategories&post=2370"},{"taxonomy":"post_tag","embeddable":true,"href":"http:\/\/wp.feuerwehr-gondelsheim.de\/index.php?rest_route=%2Fwp%2Fv2%2Ftags&post=2370"}],"curies":[{"name":"wp","href":"https:\/\/api.w.org\/{rel}","templated":true}]}}