{"id":2520,"date":"2025-04-08T20:05:37","date_gmt":"2025-04-08T18:05:37","guid":{"rendered":"http:\/\/wp.feuerwehr-gondelsheim.de\/?p=2520"},"modified":"2025-04-10T11:02:53","modified_gmt":"2025-04-10T09:02:53","slug":"einladung-zur-96-jahreshauptversammlung-2-2-2-2-2-2-2-2","status":"publish","type":"post","link":"http:\/\/wp.feuerwehr-gondelsheim.de\/?p=2520","title":{"rendered":"Bericht zur 104. Jahreshauptversammlung"},"content":{"rendered":"\n<p>Die <strong>104. Jahreshauptversammlung<\/strong> der Freiwilligen Feuerwehr Gondelsheim fand am <strong>Samstag, den 29. M\u00e4rz 2025<\/strong>, im <strong>Feuerwehrhaus<\/strong> statt.<\/p>\n\n\n\n<p>Kommandant Timm Eisenhut er\u00f6ffnete die 104. Jahreshauptversammlung im Feuerwehrhaus um 19:34 Uhr und begr\u00fc\u00dfte den stellvertretenden B\u00fcrgermeister Andreas B\u00fcrker, die Vorst\u00e4nde und Vertreter der Gondelsheimer Vereine und Organisationen, die anwesenden Gemeinder\u00e4te, die Anwesenden des DRK, die Kameraden der Alters- und Reservemannschaft, die Kameraden der Aktiven Mannschaft, sowie den Nachwuchs aus den Reihen der Jugendfeuerwehr.<\/p>\n\n\n\n<p>Eisenhut stellte fest, dass zur Jahreshauptversammlung satzungsgem\u00e4\u00df mit Ver\u00f6ffentlichung der Tagesordnungspunkte im Gemeindeblatt eingeladen wurde. W\u00fcnsche und Antr\u00e4ge waren wie in den vergangenen Jahren keine eingegangen.<\/p>\n\n\n\n<p>Es folgte der TOP2, die Totenehrung. Seit der letzten Jahreshauptversammlung mussten wir uns von keinem verdienten Kameraden verabschieden.<\/p>\n\n\n\n<p>Schriftf\u00fchrer Marco Horn ging in seinem halbst\u00fcndigen Bericht, inkl. R\u00fcckblick mit verschiedenen Bildern &amp; Videos, auf die zahlreichen Ereignisse, Eins\u00e4tze und Aktivit\u00e4ten der Feuerwehr Gondelsheim seit der letzten Jahreshauptversammlung ein. Im Anschluss erl\u00e4uterte er noch die Einsatzstatistik f\u00fcr das Jahr 2024.<strong><\/strong><\/p>\n\n\n\n<p>Kassier Max Neimayer stellte in seinem Bericht den aktuellen Kassenstand vor. Den Bericht der Kassenpr\u00fcfer \u00fcbernahm Andreas Vogel. Er f\u00fchrte die Kassenpr\u00fcfung gemeinsam mit Dennis Kritzer durch und bescheinigte eine saubere und ordentlich gef\u00fchrte Buchf\u00fchrung. Es gab keinen Grund f\u00fcr Beanstandungen.<\/p>\n\n\n\n<p>Jugendwart Maik Braun berichtete \u00fcber das vergangene Jahr der Jugendfeuerwehr. Die mittlerweile 14 Jugendlichen trafen sich zu insgesamt 45 Diensten mit \u00fcber 100 Stunden Dienstzeit, in denen feuerwehrtechnische Inhalte, sowie allgemeine Themen der Jugendarbeit vermittelt wurden. Mehr als die gleiche Zeit waren f\u00fcr die Vor- und Nachbereitung der Aktivit\u00e4ten aufzubringen. Weiter erw\u00e4hnte er die verschiedenen durchgef\u00fchrten T\u00e4tigkeiten, wie die Teilnahme an der Ortsputzete, die freizeitlichen, sportlichen Aktionen, den Verkauf von S\u00fc\u00dfigkeiten beim Gondelsheimer Weihnachtsmarkt aus einem Anh\u00e4nger-Stand und die Mithilfe der Jugend beim Reinigen der Stra\u00dfen nach dem Hochwasser. Ferner war die &#8222;Hier w\u00e4chst Zukunft&#8220;-Pflanzaktion gemeinsam mit Fa. Mohr Gartenbau keine Eintagsfliege, die Jugend k\u00fcmmert sich auch weiterhin um das Gie\u00dfen und die Pflege der Pflanzen. Brauns Dank richtete sich an seine Mitstreiter bei der Jugendbetreuung, die Gemeindeverwaltung, den Unterst\u00fctzern aus der Aktiven Mannschaft und an das Kommando f\u00fcr die gute Zusammenarbeit.<\/p>\n\n\n\n<p>Den Bericht der Gruppenf\u00fchrer \u00fcbernahm in diesem Jahr Marcel Kritzer. Er bedankte sich f\u00fcr die geleistete Arbeit und den Zusammenhalt. In diesem Jahr werde die Wehr bei den \u00dcbungen ein Augenmerk auf unsere landwirtschaftlichen Anwesen in Gondelsheim legen. Weiter gab Kritzer einen Ausblick auf die anstehenden Ausbildungen und berichtete von stets gut besuchten \u00dcbungsabenden.<\/p>\n\n\n\n<p>In TOP8, Bericht des Kommandanten, \u00fcbergab Kommandant Timm Eisenhut zun\u00e4chst das Wort an seinen Stellvertreter Viktor Polinski. Dieser hatte aufgrund der urlaubsbedingten Abwesenheit des Kommandanten die Einsatzleitung bei der Hochwasser-Gro\u00dfschadenslage im August 2024 inne und lie\u00df in einem emotionalen R\u00fcckblick diese Ausnahmesituation ungeahnten Ausma\u00dfes nochmals Revue passieren. Er verdeutlichte aus seiner Sicht was die Gondelsheimer Wehr, sowie die zahlreichen hinzugerufenen Einsatzkr\u00e4fte anderer Wehren aus dem Landkreis, zu leisten und auch auszuhalten hatten. Auch den hiesigen Landwirten und Gewerbetreibenden, die mit schwerem Ger\u00e4t bei den Aufr\u00e4umarbeiten bis zur Ersch\u00f6pfung unterst\u00fctzten, sowie den zahlreichen freiwilligen Helfern aus der Bev\u00f6lkerung galt sein Dank. Ebenfalls bescheinigte er eine hervorragende Zusammenarbeit mit der Gemeinde. Um die Eins\u00e4tze koordinieren zu k\u00f6nnen wurden die verschiedenen Aufgaben auf mehrere Schultern verteilt. Polinski ist bis heute \u00fcberw\u00e4ltigt vom Zusammenhalt der Blaulichtfamilie und stolz darauf, was in den Tagen des Hochwassers von jedem einzelnen Helfer geleistet wurde. Von den Anwesenden erhielt er nach Abschluss seiner Rede anerkennenden Beifall.<\/p>\n\n\n\n<p>Kommandant Eisenhut gab Informationen zum aktuellen Stand des neuen Notstromaggregats, das mittlerweile in Betrieb genommen wurde und somit die gesamte Infrastruktur des Feuerwehrhauses auch bei einem Stromausfall zur Verf\u00fcgung steht. Ferner gab er einen R\u00fcckblick auf die Wald- und Vegetationsbrand\u00fcbung im Sommer, den Stand zur Ersatzbeschaffung des 37 Jahre alten LF8, sowie Erl\u00e4uterungen zum neu zu beschaffenden GW-L2, welches als logistikorientiertes Fahrzeug, mit hohem taktischem Wert und Flexibilit\u00e4t als zuk\u00fcnftiges Einsatzmittel der Feuerwehr Gondelsheim eingesetzt werden wird. Weiterer Punkt war das Thema Digitalfunk. 4m Digitalfunk ist nun seit 1. April 2024 in Betrieb, 2m (Einsatzstellen-Funk) aktuell noch analog, wird aber mit den Wehren Bretten und Bruchsal dieses Jahr gemeinsam umgestellt. Im vergangenen Jahr traten zwei Mitglieder aus der Wehr aus, erfreulicherweise konnte der Personalstamm durch mehrere Neuzug\u00e4nge dennoch erh\u00f6ht werden. Er begr\u00fc\u00dfte die Neuen, die den Weg aus der Jugend in die Aktive Wehr gefunden haben und bereits ihre Grundausbildung absolviert haben: Viktoria Walz, Markus Ritschel &amp; Luca Scholz. Au\u00dferdem konnten drei Quereinsteiger gewonnen werden: Lars H\u00e4tscher, Bj\u00f6rn Mill &amp; Michael Maisenhelder, die noch ihre Grundausbildung absolvieren werden. Auch die gegenseitige Unterst\u00fctzung mit dem DRK-Ortsverband lobte Eisenhut und bot weiterhin gerne unsere Zusammenarbeit an. Die Wehr befinde sich auf einem guten Ausbildungsniveau, gro\u00dfen Dank richtete er an die Mannschaft f\u00fcr die geleistete Arbeit. Mit einem Pr\u00e4sent gew\u00fcrdigt, wurde unsere K\u00fcchenteam (G\u00fcnter Widmann und Dennis Kritzer), das uns bspw. nach den \u00dcbungen jederzeit hervorragend verk\u00f6stigt.<\/p>\n\n\n\n<p>Zu TOP9, Aussprache zu den Jahresberichten, gab es keine Wortmeldungen.<\/p>\n\n\n\n<p>Die Entlastung des Kommandanten wurde vom stellvertretenden B\u00fcrgermeister Andreas B\u00fcrker durchgef\u00fchrt. Er \u00fcbernahm dies sehr gerne und richtete liebe Gr\u00fc\u00dfe von Markus Rupp aus, der gesundheitlich angeschlagen war und nicht vor Ort sein konnte.<\/p>\n\n\n\n<p>B\u00fcrker bedankte sich f\u00fcr den Einsatz f\u00fcr die Bev\u00f6lkerung. Ebenfalls Bezug nehmend auf das Starkregenereignis im August k\u00f6nne man stolz sein, was in Gondelsheim geleistet wurde. Der gute Zusammenhalt im Ort zwischen Feuerwehr, Landwirten und Bev\u00f6lkerung wurde hier deutlich. Er freue sich, dass auch Quereinsteiger den Weg in die Wehr fanden. Wichtig sei, dass man auch die Feuerwehr attraktiv gestaltet &amp; ausstattet und, nat\u00fcrlich in einem gewissen finanziellen Rahmen, das Bestm\u00f6gliche herausholt. Man erkenne das Engagement und die Leidenschaft der Wehr. B\u00fcrker richtete ein gro\u00dfes Dankesch\u00f6n an das Kommando und schlug die Entlastung des Kommandanten vor, die einstimmig beschlossen wurde.<\/p>\n\n\n\n<p>Unter TOP11, Verpflichtungen &amp; Bef\u00f6rderungen, wurden Mandy Widmann zur Oberfeuerwehrfrau und Dennis Kritzer zum Oberfeuerwehrmann bef\u00f6rdert.<\/p>\n\n\n\n<figure class=\"wp-block-image size-large\"><img loading=\"lazy\" decoding=\"async\" width=\"1024\" height=\"768\" src=\"http:\/\/wp.feuerwehr-gondelsheim.de\/wp-content\/uploads\/2025\/04\/20250329_195617636_iOS-1024x768.jpg\" alt=\"\" class=\"wp-image-2521\" srcset=\"http:\/\/wp.feuerwehr-gondelsheim.de\/wp-content\/uploads\/2025\/04\/20250329_195617636_iOS-1024x768.jpg 1024w, http:\/\/wp.feuerwehr-gondelsheim.de\/wp-content\/uploads\/2025\/04\/20250329_195617636_iOS-300x225.jpg 300w, http:\/\/wp.feuerwehr-gondelsheim.de\/wp-content\/uploads\/2025\/04\/20250329_195617636_iOS-768x576.jpg 768w, http:\/\/wp.feuerwehr-gondelsheim.de\/wp-content\/uploads\/2025\/04\/20250329_195617636_iOS-1536x1152.jpg 1536w, http:\/\/wp.feuerwehr-gondelsheim.de\/wp-content\/uploads\/2025\/04\/20250329_195617636_iOS-2048x1536.jpg 2048w\" sizes=\"auto, (max-width: 1024px) 100vw, 1024px\" \/><\/figure>\n\n\n\n<p>Kommandant Eisenhut ging zum Abschluss noch auf kommende Termine ein, vor allem zu den Terminen im Jahr 2026 (zum 125-j\u00e4hrigen Jubil\u00e4um), bevor er um 20:59 Uhr die 104. Jahreshauptversammlung schloss und zum gem\u00fctlichen Teil \u00fcbergegangen werden konnte. Verw\u00f6hnt wurden die Kameraden &amp; G\u00e4ste mit einem leckeren Buffet vom s\u2019schneidbrettl, in Persona Martina Stalf, die ein leckeres Essen mit Schnitzel, Sp\u00e4tzle, Saucen, Kartoffelsalat und Currywurst dankenswerterweise f\u00fcr uns zubereitet hatte.<\/p>\n\n\n\n<p><\/p>\n\n\n\n<p><em>Schriftf\u00fchrer<br>Marco Horn<\/em><\/p>\n\n\n\n<p><\/p>\n","protected":false},"excerpt":{"rendered":"<p>Die 104. Jahreshauptversammlung der Freiwilligen Feuerwehr Gondelsheim fand am Samstag, den 29. M\u00e4rz 2025, im Feuerwehrhaus statt. Kommandant Timm Eisenhut er\u00f6ffnete die 104. Jahreshauptversammlung im Feuerwehrhaus um 19:34 Uhr und begr\u00fc\u00dfte den stellvertretenden &hellip; <\/p>\n","protected":false},"author":1,"featured_media":2521,"comment_status":"closed","ping_status":"closed","sticky":false,"template":"","format":"standard","meta":{"footnotes":""},"categories":[9],"tags":[],"class_list":["post-2520","post","type-post","status-publish","format-standard","has-post-thumbnail","hentry","category-berichte"],"_links":{"self":[{"href":"http:\/\/wp.feuerwehr-gondelsheim.de\/index.php?rest_route=\/wp\/v2\/posts\/2520","targetHints":{"allow":["GET"]}}],"collection":[{"href":"http:\/\/wp.feuerwehr-gondelsheim.de\/index.php?rest_route=\/wp\/v2\/posts"}],"about":[{"href":"http:\/\/wp.feuerwehr-gondelsheim.de\/index.php?rest_route=\/wp\/v2\/types\/post"}],"author":[{"embeddable":true,"href":"http:\/\/wp.feuerwehr-gondelsheim.de\/index.php?rest_route=\/wp\/v2\/users\/1"}],"replies":[{"embeddable":true,"href":"http:\/\/wp.feuerwehr-gondelsheim.de\/index.php?rest_route=%2Fwp%2Fv2%2Fcomments&post=2520"}],"version-history":[{"count":2,"href":"http:\/\/wp.feuerwehr-gondelsheim.de\/index.php?rest_route=\/wp\/v2\/posts\/2520\/revisions"}],"predecessor-version":[{"id":2527,"href":"http:\/\/wp.feuerwehr-gondelsheim.de\/index.php?rest_route=\/wp\/v2\/posts\/2520\/revisions\/2527"}],"wp:featuredmedia":[{"embeddable":true,"href":"http:\/\/wp.feuerwehr-gondelsheim.de\/index.php?rest_route=\/wp\/v2\/media\/2521"}],"wp:attachment":[{"href":"http:\/\/wp.feuerwehr-gondelsheim.de\/index.php?rest_route=%2Fwp%2Fv2%2Fmedia&parent=2520"}],"wp:term":[{"taxonomy":"category","embeddable":true,"href":"http:\/\/wp.feuerwehr-gondelsheim.de\/index.php?rest_route=%2Fwp%2Fv2%2Fcategories&post=2520"},{"taxonomy":"post_tag","embeddable":true,"href":"http:\/\/wp.feuerwehr-gondelsheim.de\/index.php?rest_route=%2Fwp%2Fv2%2Ftags&post=2520"}],"curies":[{"name":"wp","href":"https:\/\/api.w.org\/{rel}","templated":true}]}}